{"id":1913,"date":"2024-04-11T16:42:11","date_gmt":"2024-04-11T19:42:11","guid":{"rendered":"https:\/\/privacidadegarantida.com.br\/site\/?p=1913"},"modified":"2025-09-25T17:59:37","modified_gmt":"2025-09-25T20:59:37","slug":"atualizacoes-e-alertas-cruciais-sobre-a-lgpd","status":"publish","type":"post","link":"https:\/\/privacidadegarantida.com.br\/site\/atualizacoes-e-alertas-cruciais-sobre-a-lgpd\/","title":{"rendered":"Atualiza\u00e7\u00f5es e Alertas Cruciais sobre a LGPD"},"content":{"rendered":"\n<hr class=\"wp-block-separator has-alpha-channel-opacity\"\/>\n\n\n\n<p>Agosto foi um m\u00eas intenso para o cen\u00e1rio de prote\u00e7\u00e3o de dados e a LGPD e estas foram algumas atualiza\u00e7\u00f5es e Alertas Cruciais sobre a LGPD. Nossos consultores prepararam um apanhado sobre os principais pontos e como isso pode afetar a sua organiza\u00e7\u00e3o. Veja abaixo:<\/p>\n\n\n\n<p><strong>\ud83c\udfdb\ufe0f<\/strong><strong>&nbsp;I. ENCONTRO NACIONAL DO ENCARREGADO DE DADOS PROMOVIDO PELA ANPD<\/strong><\/p>\n\n\n\n<figure class=\"wp-block-image size-large\"><img fetchpriority=\"high\" decoding=\"async\" width=\"1024\" height=\"239\" src=\"https:\/\/privacidadegarantida.com.br\/site\/wp-content\/uploads\/2024\/04\/image-1024x239.png\" alt=\"Agosto foi um m\u00eas intenso para o cen\u00e1rio de prote\u00e7\u00e3o de dados e estas s\u00e3o as atualiza\u00e7\u00f5es e alertas Cruciais sobre a LGPD, inclusive com o ENCONTRO NACIONAL DO ENCARREGADO DE DADOS PROMOVIDO PELA ANPD.\" class=\"wp-image-2833\" srcset=\"https:\/\/privacidadegarantida.com.br\/site\/wp-content\/uploads\/2024\/04\/image-1024x239.png 1024w, https:\/\/privacidadegarantida.com.br\/site\/wp-content\/uploads\/2024\/04\/image-300x70.png 300w, https:\/\/privacidadegarantida.com.br\/site\/wp-content\/uploads\/2024\/04\/image-768x179.png 768w, https:\/\/privacidadegarantida.com.br\/site\/wp-content\/uploads\/2024\/04\/image-1536x358.png 1536w, https:\/\/privacidadegarantida.com.br\/site\/wp-content\/uploads\/2024\/04\/image-2048x478.png 2048w\" sizes=\"(max-width: 1024px) 100vw, 1024px\" \/><\/figure>\n\n\n\n<p>No dia 07 de agosto, nossa diretora, Ruth Armelin, &nbsp;esteve presente em Bras\u00edlia no evento realizado pela ANPD e trouxe as \u00faltimas not\u00edcias sobre prote\u00e7\u00e3o de dados:<\/p>\n\n\n\n<p>\ud83c\udf0d&nbsp;1. Decis\u00e3o de Adequa\u00e7\u00e3o com a Uni\u00e3o Europeia<\/p>\n\n\n\n<p><strong>At\u00e9 janeiro de 2026<\/strong>&nbsp;a ANPD vai publicar a decis\u00e3o de adequa\u00e7\u00e3o com rela\u00e7\u00e3o aos pa\u00edses da Uni\u00e3o Europeia.&nbsp;<strong>O que isso tem a ver com a sua organiza\u00e7\u00e3o?<\/strong><br>Todas as transfer\u00eancias internacionais de dados pessoais para pa\u00edses da Uni\u00e3o Europeia ser\u00e3o consideradas l\u00edcitas e em conformidade com a LGPD, claro que, sempre com a garantia dos princ\u00edpios e direitos dos titulares.<\/p>\n\n\n\n<p>\ud83d\udcc4&nbsp;2. Resolu\u00e7\u00e3o sobre os Direitos dos Titulares<\/p>\n\n\n\n<p>A ANPD confirmou a previs\u00e3o da emiss\u00e3o da Resolu\u00e7\u00e3o sobre os direitos dos titulares.&nbsp;<strong>O que isso significa?<\/strong>&nbsp;Significa que muito em breve algumas quest\u00f5es \u201cnebulosas\u201d ser\u00e3o esclarecidas e a fiscaliza\u00e7\u00e3o sobre o atendimento dos titulares ser\u00e1 intensificada.<\/p>\n\n\n\n<p>\ud83d\udd0d&nbsp;3. Intensifica\u00e7\u00e3o da Fiscaliza\u00e7\u00e3o de Sites<\/p>\n\n\n\n<p>O Coordenador Geral de Fiscaliza\u00e7\u00e3o da ANPD, Fabricio Lopes, informou que v\u00e3o intensificar a fiscaliza\u00e7\u00e3o em sites de organiza\u00e7\u00f5es que ainda n\u00e3o indicaram o seu encarregado de dados nos termos da Resolu\u00e7\u00e3o CD\/ANPD n\u00ba 18\/2024, ou seja, o nome do DPO tem que estar em local de f\u00e1cil aceso, assim como o canal de comunica\u00e7\u00e3o dos titulares.<\/p>\n\n\n\n<p>\ud83e\udd16&nbsp;4. O Papel Central do DPO na Governan\u00e7a de IA<\/p>\n\n\n\n<p>O DPO \u00e9 o ponto central para quest\u00f5es relacionadas \u00e0 governan\u00e7a da intelig\u00eancia artificial e \u00e9 importante que seja envolvido em quest\u00f5es que se relacionem com dados pessoais.<\/p>\n\n\n\n<p>\ud83d\udd12&nbsp;5. Alertas sobre Dados Biom\u00e9tricos e RIPD<\/p>\n\n\n\n<p>O Coordenador Geral de Fiscaliza\u00e7\u00e3o, ainda, foi enf\u00e1tico ao informar que dados biom\u00e9tricos t\u00eam que ser coletados com cautela e o RIPD (Relat\u00f3rio de Impacto \u00e0 Prote\u00e7\u00e3o de Dados) tem que ser realizado previamente \u00e0 sua coleta.<\/p>\n\n\n\n<p><strong>\ud83d\udc67\ud83d\udc66<\/strong><strong>&nbsp;II. ADULTIZA\u00c7\u00c3O: SENADO APROVA PROJETO PARA PROTEGER CRIAN\u00c7AS EM AMBIENTES DIGITAIS<\/strong><\/p>\n\n\n\n<p>(Fonte: Ag\u00eancia Senado)<\/p>\n\n\n\n<p>Com a grande como\u00e7\u00e3o gerada pelo v\u00eddeo publicado pelo influenciador Felca&nbsp;<a rel=\"noreferrer noopener\" target=\"_blank\" href=\"https:\/\/youtu.be\/FpsCzFGL1LE?si=MfOqyhmJOLRZzT38\">(assistir v\u00eddeo)<\/a>, o projeto de lei 2628\/2022, tamb\u00e9m chamado de&nbsp;<strong>ECA Digital<\/strong>, foi aprovado pelo Senado, criando regras para a prote\u00e7\u00e3o de crian\u00e7as e adolescentes em ambientes digitais.<br>A proposta prev\u00ea obriga\u00e7\u00f5es para os fornecedores e controle de acesso por parte de pais e respons\u00e1veis e promete tamb\u00e9m combater a chamada adultiza\u00e7\u00e3o de crian\u00e7as nas redes sociais. O PL 2.628\/2022 segue agora para san\u00e7\u00e3o presidencial.<\/p>\n\n\n\n<hr class=\"wp-block-separator has-alpha-channel-opacity\"\/>\n\n\n\n<p>Quer saber mais?<\/p>\n\n\n\n<p>Contem com o DPO Oficial para estar atualizado e preparado para atender a legisla\u00e7\u00e3o de prote\u00e7\u00e3o de dados, sempre com atualiza\u00e7\u00f5es e alertas Cruciais sobre a LGPD! Para retirar suas d\u00favidas sobre o tema, entre em\u00a0<a href=\"https:\/\/privacidadegarantida.com.br\/#contact\" target=\"_blank\" rel=\"noreferrer noopener\"><strong>contato com a Privacidade Garantida<\/strong><\/a>\u00a0para qualquer esclarecimento.<\/p>\n","protected":false},"excerpt":{"rendered":"<p>Agosto foi um m\u00eas intenso para o cen\u00e1rio de prote\u00e7\u00e3o de dados e a LGPD e estas foram algumas atualiza\u00e7\u00f5es [&hellip;]<\/p>\n","protected":false},"author":6,"featured_media":2833,"comment_status":"closed","ping_status":"closed","sticky":false,"template":"","format":"standard","meta":{"site-sidebar-layout":"default","site-content-layout":"","ast-site-content-layout":"default","site-content-style":"default","site-sidebar-style":"default","ast-global-header-display":"","ast-banner-title-visibility":"","ast-main-header-display":"","ast-hfb-above-header-display":"","ast-hfb-below-header-display":"","ast-hfb-mobile-header-display":"","site-post-title":"","ast-breadcrumbs-content":"","ast-featured-img":"","footer-sml-layout":"","ast-disable-related-posts":"","theme-transparent-header-meta":"","adv-header-id-meta":"","stick-header-meta":"","header-above-stick-meta":"","header-main-stick-meta":"","header-below-stick-meta":"","astra-migrate-meta-layouts":"default","ast-page-background-enabled":"default","ast-page-background-meta":{"desktop":{"background-color":"var(--ast-global-color-4)","background-image":"","background-repeat":"repeat","background-position":"center center","background-size":"auto","background-attachment":"scroll","background-type":"","background-media":"","overlay-type":"","overlay-color":"","overlay-opacity":"","overlay-gradient":""},"tablet":{"background-color":"","background-image":"","background-repeat":"repeat","background-position":"center center","background-size":"auto","background-attachment":"scroll","background-type":"","background-media":"","overlay-type":"","overlay-color":"","overlay-opacity":"","overlay-gradient":""},"mobile":{"background-color":"","background-image":"","background-repeat":"repeat","background-position":"center center","background-size":"auto","background-attachment":"scroll","background-type":"","background-media":"","overlay-type":"","overlay-color":"","overlay-opacity":"","overlay-gradient":""}},"ast-content-background-meta":{"desktop":{"background-color":"var(--ast-global-color-5)","background-image":"","background-repeat":"repeat","background-position":"center center","background-size":"auto","background-attachment":"scroll","background-type":"","background-media":"","overlay-type":"","overlay-color":"","overlay-opacity":"","overlay-gradient":""},"tablet":{"background-color":"var(--ast-global-color-5)","background-image":"","background-repeat":"repeat","background-position":"center center","background-size":"auto","background-attachment":"scroll","background-type":"","background-media":"","overlay-type":"","overlay-color":"","overlay-opacity":"","overlay-gradient":""},"mobile":{"background-color":"var(--ast-global-color-5)","background-image":"","background-repeat":"repeat","background-position":"center center","background-size":"auto","background-attachment":"scroll","background-type":"","background-media":"","overlay-type":"","overlay-color":"","overlay-opacity":"","overlay-gradient":""}},"footnotes":""},"categories":[1],"tags":[],"class_list":["post-1913","post","type-post","status-publish","format-standard","has-post-thumbnail","hentry","category-blog"],"yoast_head":"<!-- This site is optimized with the Yoast SEO plugin v27.5 - https:\/\/yoast.com\/product\/yoast-seo-wordpress\/ -->\n<title>Atualiza\u00e7\u00f5es e Alertas Cruciais sobre a LGPD - Privacidade Garantida<\/title>\n<meta name=\"description\" content=\"Agosto foi um m\u00eas intenso para o cen\u00e1rio de prote\u00e7\u00e3o de dados e estas s\u00e3o as atualiza\u00e7\u00f5es e alertas Cruciais sobre a LGPD .\" \/>\n<meta name=\"robots\" content=\"index, follow, max-snippet:-1, max-image-preview:large, max-video-preview:-1\" \/>\n<link rel=\"canonical\" href=\"https:\/\/privacidadegarantida.com.br\/site\/atualizacoes-e-alertas-cruciais-sobre-a-lgpd\/\" \/>\n<meta property=\"og:locale\" content=\"pt_BR\" \/>\n<meta property=\"og:type\" content=\"article\" \/>\n<meta property=\"og:title\" content=\"Atualiza\u00e7\u00f5es e Alertas Cruciais sobre a LGPD - Privacidade Garantida\" \/>\n<meta property=\"og:description\" content=\"Agosto foi um m\u00eas intenso para o cen\u00e1rio de prote\u00e7\u00e3o de dados e estas s\u00e3o as atualiza\u00e7\u00f5es e alertas Cruciais sobre a LGPD .\" \/>\n<meta property=\"og:url\" content=\"https:\/\/privacidadegarantida.com.br\/site\/atualizacoes-e-alertas-cruciais-sobre-a-lgpd\/\" \/>\n<meta property=\"og:site_name\" content=\"Privacidade Garantida\" \/>\n<meta property=\"article:published_time\" content=\"2024-04-11T19:42:11+00:00\" \/>\n<meta property=\"article:modified_time\" content=\"2025-09-25T20:59:37+00:00\" \/>\n<meta property=\"og:image\" content=\"https:\/\/privacidadegarantida.com.br\/site\/wp-content\/uploads\/2024\/04\/image-scaled.png\" \/>\n\t<meta property=\"og:image:width\" content=\"2560\" \/>\n\t<meta property=\"og:image:height\" content=\"597\" \/>\n\t<meta property=\"og:image:type\" content=\"image\/png\" \/>\n<meta name=\"author\" content=\"Privacidade Garantida\" \/>\n<meta name=\"twitter:card\" content=\"summary_large_image\" \/>\n<meta name=\"twitter:label1\" content=\"Escrito por\" \/>\n\t<meta name=\"twitter:data1\" content=\"Privacidade Garantida\" \/>\n\t<meta name=\"twitter:label2\" content=\"Est. tempo de leitura\" \/>\n\t<meta name=\"twitter:data2\" content=\"4 minutos\" \/>\n<script type=\"application\/ld+json\" class=\"yoast-schema-graph\">{\"@context\":\"https:\\\/\\\/schema.org\",\"@graph\":[{\"@type\":\"Article\",\"@id\":\"https:\\\/\\\/privacidadegarantida.com.br\\\/site\\\/atualizacoes-e-alertas-cruciais-sobre-a-lgpd\\\/#article\",\"isPartOf\":{\"@id\":\"https:\\\/\\\/privacidadegarantida.com.br\\\/site\\\/atualizacoes-e-alertas-cruciais-sobre-a-lgpd\\\/\"},\"author\":{\"name\":\"Privacidade Garantida\",\"@id\":\"https:\\\/\\\/privacidadegarantida.com.br\\\/site\\\/#\\\/schema\\\/person\\\/d940df6b0cef262399c7cc9b6ac1b159\"},\"headline\":\"Atualiza\u00e7\u00f5es e Alertas Cruciais sobre a LGPD\",\"datePublished\":\"2024-04-11T19:42:11+00:00\",\"dateModified\":\"2025-09-25T20:59:37+00:00\",\"mainEntityOfPage\":{\"@id\":\"https:\\\/\\\/privacidadegarantida.com.br\\\/site\\\/atualizacoes-e-alertas-cruciais-sobre-a-lgpd\\\/\"},\"wordCount\":558,\"publisher\":{\"@id\":\"https:\\\/\\\/privacidadegarantida.com.br\\\/site\\\/#organization\"},\"image\":{\"@id\":\"https:\\\/\\\/privacidadegarantida.com.br\\\/site\\\/atualizacoes-e-alertas-cruciais-sobre-a-lgpd\\\/#primaryimage\"},\"thumbnailUrl\":\"https:\\\/\\\/privacidadegarantida.com.br\\\/site\\\/wp-content\\\/uploads\\\/2024\\\/04\\\/image-scaled.png\",\"articleSection\":[\"blog\"],\"inLanguage\":\"pt-BR\"},{\"@type\":\"WebPage\",\"@id\":\"https:\\\/\\\/privacidadegarantida.com.br\\\/site\\\/atualizacoes-e-alertas-cruciais-sobre-a-lgpd\\\/\",\"url\":\"https:\\\/\\\/privacidadegarantida.com.br\\\/site\\\/atualizacoes-e-alertas-cruciais-sobre-a-lgpd\\\/\",\"name\":\"Atualiza\u00e7\u00f5es e Alertas Cruciais sobre a LGPD - Privacidade Garantida\",\"isPartOf\":{\"@id\":\"https:\\\/\\\/privacidadegarantida.com.br\\\/site\\\/#website\"},\"primaryImageOfPage\":{\"@id\":\"https:\\\/\\\/privacidadegarantida.com.br\\\/site\\\/atualizacoes-e-alertas-cruciais-sobre-a-lgpd\\\/#primaryimage\"},\"image\":{\"@id\":\"https:\\\/\\\/privacidadegarantida.com.br\\\/site\\\/atualizacoes-e-alertas-cruciais-sobre-a-lgpd\\\/#primaryimage\"},\"thumbnailUrl\":\"https:\\\/\\\/privacidadegarantida.com.br\\\/site\\\/wp-content\\\/uploads\\\/2024\\\/04\\\/image-scaled.png\",\"datePublished\":\"2024-04-11T19:42:11+00:00\",\"dateModified\":\"2025-09-25T20:59:37+00:00\",\"description\":\"Agosto foi um m\u00eas intenso para o cen\u00e1rio de prote\u00e7\u00e3o de dados e estas s\u00e3o as atualiza\u00e7\u00f5es e alertas Cruciais sobre a LGPD .\",\"breadcrumb\":{\"@id\":\"https:\\\/\\\/privacidadegarantida.com.br\\\/site\\\/atualizacoes-e-alertas-cruciais-sobre-a-lgpd\\\/#breadcrumb\"},\"inLanguage\":\"pt-BR\",\"potentialAction\":[{\"@type\":\"ReadAction\",\"target\":[\"https:\\\/\\\/privacidadegarantida.com.br\\\/site\\\/atualizacoes-e-alertas-cruciais-sobre-a-lgpd\\\/\"]}]},{\"@type\":\"ImageObject\",\"inLanguage\":\"pt-BR\",\"@id\":\"https:\\\/\\\/privacidadegarantida.com.br\\\/site\\\/atualizacoes-e-alertas-cruciais-sobre-a-lgpd\\\/#primaryimage\",\"url\":\"https:\\\/\\\/privacidadegarantida.com.br\\\/site\\\/wp-content\\\/uploads\\\/2024\\\/04\\\/image-scaled.png\",\"contentUrl\":\"https:\\\/\\\/privacidadegarantida.com.br\\\/site\\\/wp-content\\\/uploads\\\/2024\\\/04\\\/image-scaled.png\",\"width\":2560,\"height\":597},{\"@type\":\"BreadcrumbList\",\"@id\":\"https:\\\/\\\/privacidadegarantida.com.br\\\/site\\\/atualizacoes-e-alertas-cruciais-sobre-a-lgpd\\\/#breadcrumb\",\"itemListElement\":[{\"@type\":\"ListItem\",\"position\":1,\"name\":\"Home\",\"item\":\"https:\\\/\\\/privacidadegarantida.com.br\\\/site\\\/\"},{\"@type\":\"ListItem\",\"position\":2,\"name\":\"Atualiza\u00e7\u00f5es e Alertas Cruciais sobre a LGPD\"}]},{\"@type\":\"WebSite\",\"@id\":\"https:\\\/\\\/privacidadegarantida.com.br\\\/site\\\/#website\",\"url\":\"https:\\\/\\\/privacidadegarantida.com.br\\\/site\\\/\",\"name\":\"Privacidade Garantida\",\"description\":\"Consultoria em Prote\u00e7\u00e3o de Dados e Seguran\u00e7a da Informa\u00e7\u00e3o.\",\"publisher\":{\"@id\":\"https:\\\/\\\/privacidadegarantida.com.br\\\/site\\\/#organization\"},\"potentialAction\":[{\"@type\":\"SearchAction\",\"target\":{\"@type\":\"EntryPoint\",\"urlTemplate\":\"https:\\\/\\\/privacidadegarantida.com.br\\\/site\\\/?s={search_term_string}\"},\"query-input\":{\"@type\":\"PropertyValueSpecification\",\"valueRequired\":true,\"valueName\":\"search_term_string\"}}],\"inLanguage\":\"pt-BR\"},{\"@type\":\"Organization\",\"@id\":\"https:\\\/\\\/privacidadegarantida.com.br\\\/site\\\/#organization\",\"name\":\"Privacidade Garantida\",\"url\":\"https:\\\/\\\/privacidadegarantida.com.br\\\/site\\\/\",\"logo\":{\"@type\":\"ImageObject\",\"inLanguage\":\"pt-BR\",\"@id\":\"https:\\\/\\\/privacidadegarantida.com.br\\\/site\\\/#\\\/schema\\\/logo\\\/image\\\/\",\"url\":\"https:\\\/\\\/privacidadegarantida.com.br\\\/site\\\/wp-content\\\/uploads\\\/2022\\\/06\\\/image140-pqgcbd8u4tox2inedsknflv8n3t5a63mlsb1wu1tww.png\",\"contentUrl\":\"https:\\\/\\\/privacidadegarantida.com.br\\\/site\\\/wp-content\\\/uploads\\\/2022\\\/06\\\/image140-pqgcbd8u4tox2inedsknflv8n3t5a63mlsb1wu1tww.png\",\"width\":450,\"height\":184,\"caption\":\"Privacidade Garantida\"},\"image\":{\"@id\":\"https:\\\/\\\/privacidadegarantida.com.br\\\/site\\\/#\\\/schema\\\/logo\\\/image\\\/\"}},{\"@type\":\"Person\",\"@id\":\"https:\\\/\\\/privacidadegarantida.com.br\\\/site\\\/#\\\/schema\\\/person\\\/d940df6b0cef262399c7cc9b6ac1b159\",\"name\":\"Privacidade Garantida\",\"image\":{\"@type\":\"ImageObject\",\"inLanguage\":\"pt-BR\",\"@id\":\"https:\\\/\\\/privacidadegarantida.com.br\\\/site\\\/wp-content\\\/litespeed\\\/avatar\\\/fbaf3575b6784df35437804ecb4b9089.jpg?ver=1777513290\",\"url\":\"https:\\\/\\\/privacidadegarantida.com.br\\\/site\\\/wp-content\\\/litespeed\\\/avatar\\\/fbaf3575b6784df35437804ecb4b9089.jpg?ver=1777513290\",\"contentUrl\":\"https:\\\/\\\/privacidadegarantida.com.br\\\/site\\\/wp-content\\\/litespeed\\\/avatar\\\/fbaf3575b6784df35437804ecb4b9089.jpg?ver=1777513290\",\"caption\":\"Privacidade Garantida\"},\"url\":\"https:\\\/\\\/privacidadegarantida.com.br\\\/site\\\/author\\\/privacidadegarantida\\\/\"}]}<\/script>\n<!-- \/ Yoast SEO plugin. -->","yoast_head_json":{"title":"Atualiza\u00e7\u00f5es e Alertas Cruciais sobre a LGPD - Privacidade Garantida","description":"Agosto foi um m\u00eas intenso para o cen\u00e1rio de prote\u00e7\u00e3o de dados e estas s\u00e3o as atualiza\u00e7\u00f5es e alertas Cruciais sobre a LGPD .","robots":{"index":"index","follow":"follow","max-snippet":"max-snippet:-1","max-image-preview":"max-image-preview:large","max-video-preview":"max-video-preview:-1"},"canonical":"https:\/\/privacidadegarantida.com.br\/site\/atualizacoes-e-alertas-cruciais-sobre-a-lgpd\/","og_locale":"pt_BR","og_type":"article","og_title":"Atualiza\u00e7\u00f5es e Alertas Cruciais sobre a LGPD - Privacidade Garantida","og_description":"Agosto foi um m\u00eas intenso para o cen\u00e1rio de prote\u00e7\u00e3o de dados e estas s\u00e3o as atualiza\u00e7\u00f5es e alertas Cruciais sobre a LGPD .","og_url":"https:\/\/privacidadegarantida.com.br\/site\/atualizacoes-e-alertas-cruciais-sobre-a-lgpd\/","og_site_name":"Privacidade Garantida","article_published_time":"2024-04-11T19:42:11+00:00","article_modified_time":"2025-09-25T20:59:37+00:00","og_image":[{"width":2560,"height":597,"url":"https:\/\/privacidadegarantida.com.br\/site\/wp-content\/uploads\/2024\/04\/image-scaled.png","type":"image\/png"}],"author":"Privacidade Garantida","twitter_card":"summary_large_image","twitter_misc":{"Escrito por":"Privacidade Garantida","Est. tempo de leitura":"4 minutos"},"schema":{"@context":"https:\/\/schema.org","@graph":[{"@type":"Article","@id":"https:\/\/privacidadegarantida.com.br\/site\/atualizacoes-e-alertas-cruciais-sobre-a-lgpd\/#article","isPartOf":{"@id":"https:\/\/privacidadegarantida.com.br\/site\/atualizacoes-e-alertas-cruciais-sobre-a-lgpd\/"},"author":{"name":"Privacidade Garantida","@id":"https:\/\/privacidadegarantida.com.br\/site\/#\/schema\/person\/d940df6b0cef262399c7cc9b6ac1b159"},"headline":"Atualiza\u00e7\u00f5es e Alertas Cruciais sobre a LGPD","datePublished":"2024-04-11T19:42:11+00:00","dateModified":"2025-09-25T20:59:37+00:00","mainEntityOfPage":{"@id":"https:\/\/privacidadegarantida.com.br\/site\/atualizacoes-e-alertas-cruciais-sobre-a-lgpd\/"},"wordCount":558,"publisher":{"@id":"https:\/\/privacidadegarantida.com.br\/site\/#organization"},"image":{"@id":"https:\/\/privacidadegarantida.com.br\/site\/atualizacoes-e-alertas-cruciais-sobre-a-lgpd\/#primaryimage"},"thumbnailUrl":"https:\/\/privacidadegarantida.com.br\/site\/wp-content\/uploads\/2024\/04\/image-scaled.png","articleSection":["blog"],"inLanguage":"pt-BR"},{"@type":"WebPage","@id":"https:\/\/privacidadegarantida.com.br\/site\/atualizacoes-e-alertas-cruciais-sobre-a-lgpd\/","url":"https:\/\/privacidadegarantida.com.br\/site\/atualizacoes-e-alertas-cruciais-sobre-a-lgpd\/","name":"Atualiza\u00e7\u00f5es e Alertas Cruciais sobre a LGPD - Privacidade Garantida","isPartOf":{"@id":"https:\/\/privacidadegarantida.com.br\/site\/#website"},"primaryImageOfPage":{"@id":"https:\/\/privacidadegarantida.com.br\/site\/atualizacoes-e-alertas-cruciais-sobre-a-lgpd\/#primaryimage"},"image":{"@id":"https:\/\/privacidadegarantida.com.br\/site\/atualizacoes-e-alertas-cruciais-sobre-a-lgpd\/#primaryimage"},"thumbnailUrl":"https:\/\/privacidadegarantida.com.br\/site\/wp-content\/uploads\/2024\/04\/image-scaled.png","datePublished":"2024-04-11T19:42:11+00:00","dateModified":"2025-09-25T20:59:37+00:00","description":"Agosto foi um m\u00eas intenso para o cen\u00e1rio de prote\u00e7\u00e3o de dados e estas s\u00e3o as atualiza\u00e7\u00f5es e alertas Cruciais sobre a LGPD .","breadcrumb":{"@id":"https:\/\/privacidadegarantida.com.br\/site\/atualizacoes-e-alertas-cruciais-sobre-a-lgpd\/#breadcrumb"},"inLanguage":"pt-BR","potentialAction":[{"@type":"ReadAction","target":["https:\/\/privacidadegarantida.com.br\/site\/atualizacoes-e-alertas-cruciais-sobre-a-lgpd\/"]}]},{"@type":"ImageObject","inLanguage":"pt-BR","@id":"https:\/\/privacidadegarantida.com.br\/site\/atualizacoes-e-alertas-cruciais-sobre-a-lgpd\/#primaryimage","url":"https:\/\/privacidadegarantida.com.br\/site\/wp-content\/uploads\/2024\/04\/image-scaled.png","contentUrl":"https:\/\/privacidadegarantida.com.br\/site\/wp-content\/uploads\/2024\/04\/image-scaled.png","width":2560,"height":597},{"@type":"BreadcrumbList","@id":"https:\/\/privacidadegarantida.com.br\/site\/atualizacoes-e-alertas-cruciais-sobre-a-lgpd\/#breadcrumb","itemListElement":[{"@type":"ListItem","position":1,"name":"Home","item":"https:\/\/privacidadegarantida.com.br\/site\/"},{"@type":"ListItem","position":2,"name":"Atualiza\u00e7\u00f5es e Alertas Cruciais sobre a LGPD"}]},{"@type":"WebSite","@id":"https:\/\/privacidadegarantida.com.br\/site\/#website","url":"https:\/\/privacidadegarantida.com.br\/site\/","name":"Privacidade Garantida","description":"Consultoria em Prote\u00e7\u00e3o de Dados e Seguran\u00e7a da Informa\u00e7\u00e3o.","publisher":{"@id":"https:\/\/privacidadegarantida.com.br\/site\/#organization"},"potentialAction":[{"@type":"SearchAction","target":{"@type":"EntryPoint","urlTemplate":"https:\/\/privacidadegarantida.com.br\/site\/?s={search_term_string}"},"query-input":{"@type":"PropertyValueSpecification","valueRequired":true,"valueName":"search_term_string"}}],"inLanguage":"pt-BR"},{"@type":"Organization","@id":"https:\/\/privacidadegarantida.com.br\/site\/#organization","name":"Privacidade Garantida","url":"https:\/\/privacidadegarantida.com.br\/site\/","logo":{"@type":"ImageObject","inLanguage":"pt-BR","@id":"https:\/\/privacidadegarantida.com.br\/site\/#\/schema\/logo\/image\/","url":"https:\/\/privacidadegarantida.com.br\/site\/wp-content\/uploads\/2022\/06\/image140-pqgcbd8u4tox2inedsknflv8n3t5a63mlsb1wu1tww.png","contentUrl":"https:\/\/privacidadegarantida.com.br\/site\/wp-content\/uploads\/2022\/06\/image140-pqgcbd8u4tox2inedsknflv8n3t5a63mlsb1wu1tww.png","width":450,"height":184,"caption":"Privacidade Garantida"},"image":{"@id":"https:\/\/privacidadegarantida.com.br\/site\/#\/schema\/logo\/image\/"}},{"@type":"Person","@id":"https:\/\/privacidadegarantida.com.br\/site\/#\/schema\/person\/d940df6b0cef262399c7cc9b6ac1b159","name":"Privacidade Garantida","image":{"@type":"ImageObject","inLanguage":"pt-BR","@id":"https:\/\/privacidadegarantida.com.br\/site\/wp-content\/litespeed\/avatar\/fbaf3575b6784df35437804ecb4b9089.jpg?ver=1777513290","url":"https:\/\/privacidadegarantida.com.br\/site\/wp-content\/litespeed\/avatar\/fbaf3575b6784df35437804ecb4b9089.jpg?ver=1777513290","contentUrl":"https:\/\/privacidadegarantida.com.br\/site\/wp-content\/litespeed\/avatar\/fbaf3575b6784df35437804ecb4b9089.jpg?ver=1777513290","caption":"Privacidade Garantida"},"url":"https:\/\/privacidadegarantida.com.br\/site\/author\/privacidadegarantida\/"}]}},"_links":{"self":[{"href":"https:\/\/privacidadegarantida.com.br\/site\/wp-json\/wp\/v2\/posts\/1913","targetHints":{"allow":["GET"]}}],"collection":[{"href":"https:\/\/privacidadegarantida.com.br\/site\/wp-json\/wp\/v2\/posts"}],"about":[{"href":"https:\/\/privacidadegarantida.com.br\/site\/wp-json\/wp\/v2\/types\/post"}],"author":[{"embeddable":true,"href":"https:\/\/privacidadegarantida.com.br\/site\/wp-json\/wp\/v2\/users\/6"}],"replies":[{"embeddable":true,"href":"https:\/\/privacidadegarantida.com.br\/site\/wp-json\/wp\/v2\/comments?post=1913"}],"version-history":[{"count":2,"href":"https:\/\/privacidadegarantida.com.br\/site\/wp-json\/wp\/v2\/posts\/1913\/revisions"}],"predecessor-version":[{"id":2834,"href":"https:\/\/privacidadegarantida.com.br\/site\/wp-json\/wp\/v2\/posts\/1913\/revisions\/2834"}],"wp:featuredmedia":[{"embeddable":true,"href":"https:\/\/privacidadegarantida.com.br\/site\/wp-json\/wp\/v2\/media\/2833"}],"wp:attachment":[{"href":"https:\/\/privacidadegarantida.com.br\/site\/wp-json\/wp\/v2\/media?parent=1913"}],"wp:term":[{"taxonomy":"category","embeddable":true,"href":"https:\/\/privacidadegarantida.com.br\/site\/wp-json\/wp\/v2\/categories?post=1913"},{"taxonomy":"post_tag","embeddable":true,"href":"https:\/\/privacidadegarantida.com.br\/site\/wp-json\/wp\/v2\/tags?post=1913"}],"curies":[{"name":"wp","href":"https:\/\/api.w.org\/{rel}","templated":true}]}}