{"id":1912,"date":"2024-04-11T16:40:08","date_gmt":"2024-04-11T19:40:08","guid":{"rendered":"https:\/\/privacidadegarantida.com.br\/site\/?p=1912"},"modified":"2025-09-24T11:52:26","modified_gmt":"2025-09-24T14:52:26","slug":"quem-e-o-fiscal-da-lgpd","status":"publish","type":"post","link":"https:\/\/privacidadegarantida.com.br\/site\/quem-e-o-fiscal-da-lgpd\/","title":{"rendered":"Quem \u00e9 o &#8220;fiscal da LGPD&#8221;?"},"content":{"rendered":"\n<hr class=\"wp-block-separator has-alpha-channel-opacity\"\/>\n\n\n\n<p>Quem \u00e9 o fiscal da LGPD? Voc\u00ea sabia que os titulares dos&nbsp;dados t\u00eam direitos garantidos pela LGPD e,&nbsp;caso eles fa\u00e7am uma requisi\u00e7\u00e3o para sua empresa, ela tem o&nbsp;<strong>DEVER<\/strong>&nbsp;de atender?<\/p>\n\n\n\n<p>A LGPD est\u00e1 em vigor desde 2020 e a tend\u00eancia \u00e9 que as demandas relativas aos direitos dos titulares cres\u00e7am exponencialmente, em raz\u00e3o do maior conhecimento das pessoas sobre a lei&nbsp;e os seus direitos.<\/p>\n\n\n\n<p>Al\u00e9m disso, de acordo com a Agenda Regulat\u00f3ria&nbsp;publicada&nbsp;para 2025-2026, h\u00e1&nbsp;previs\u00e3o de regulamenta\u00e7\u00e3o deste tema pela ANPD&nbsp;em&nbsp;2025. Por isso,&nbsp;\u00e9 muito importante que a sua&nbsp;empresa&nbsp;esteja preparada!<\/p>\n\n\n\n<figure class=\"wp-block-image size-large\"><img fetchpriority=\"high\" decoding=\"async\" width=\"1024\" height=\"724\" src=\"https:\/\/privacidadegarantida.com.br\/site\/wp-content\/uploads\/2024\/04\/baixados-2-1024x724.png\" alt=\"Quem \u00e9 o fiscal da LGPD?\" class=\"wp-image-2843\" srcset=\"https:\/\/privacidadegarantida.com.br\/site\/wp-content\/uploads\/2024\/04\/baixados-2-1024x724.png 1024w, https:\/\/privacidadegarantida.com.br\/site\/wp-content\/uploads\/2024\/04\/baixados-2-300x212.png 300w, https:\/\/privacidadegarantida.com.br\/site\/wp-content\/uploads\/2024\/04\/baixados-2-768x543.png 768w, https:\/\/privacidadegarantida.com.br\/site\/wp-content\/uploads\/2024\/04\/baixados-2-1536x1086.png 1536w, https:\/\/privacidadegarantida.com.br\/site\/wp-content\/uploads\/2024\/04\/baixados-2.png 2000w\" sizes=\"(max-width: 1024px) 100vw, 1024px\" \/><\/figure>\n\n\n\n<p>A seguir&nbsp;esclarecemos as principais d\u00favidas sobre o tema:<\/p>\n\n\n\n<p>1) Quem \u00e9 o titular dos&nbsp;dados?<\/p>\n\n\n\n<p>O titular dos&nbsp;dados \u00e9 a pessoa&nbsp;natural&nbsp;a quem se refere o dado pessoal, podendo ser seu cliente, representante de cliente,&nbsp;clientes dos clientes,&nbsp;colaboradores,&nbsp;ex-colaboradores,&nbsp;dependentes de colaboradores, enfim, qualquer&nbsp;<strong>pessoa f\u00edsica<\/strong>&nbsp;que, por algum motivo, tem seus dados pessoais tratados pela sua organiza\u00e7\u00e3o.<\/p>\n\n\n\n<p>2) Existe prazo para atendimento da solicita\u00e7\u00e3o do titular?<\/p>\n\n\n\n<p>Segundo a LGPD, o prazo para atendimento \u00e9 de 15 dias contados a partir da data do requerimento. Lembrando que antes de qualquer resposta, \u00e9 importante conferir a sua identidade.<\/p>\n\n\n\n<p>3) Quem \u00e9 o respons\u00e1vel por responder a solicita\u00e7\u00e3o do titular?<\/p>\n\n\n\n<p>O respons\u00e1vel por receber e analisar as solicita\u00e7\u00f5es \u00e9 o encarregado de dados&nbsp;(DPO), por esse motivo, a lei estabelece que o seu canal de comunica\u00e7\u00e3o deve ser divulgado preferenciamente no s\u00edtio eletr\u00f4nico&nbsp;(site)&nbsp;da organiza\u00e7\u00e3o.<\/p>\n\n\n\n<p>4) E se a solicita\u00e7\u00e3o for feita diretamente para a minha organiza\u00e7\u00e3o?<\/p>\n\n\n\n<p>Caso alguma solicita\u00e7\u00e3o seja realizada diretamente&nbsp;\u00e0&nbsp;sua organiza\u00e7\u00e3o&nbsp;para um colaborador ou por outro meio de comunica\u00e7\u00e3o,&nbsp;ela&nbsp;dever\u00e1&nbsp;ser encaminhada&nbsp;imediatamente ao encarregado de dados. Para que todos saibam como agir, \u00e9 importante que exista um fluxo de atendimento pronto e divulgado internamente na sua organiza\u00e7\u00e3o.<\/p>\n\n\n\n<p>5) O que acontece se eu deixar de responder a alguma solicita\u00e7\u00e3o de um titular dos&nbsp;dados?<\/p>\n\n\n\n<p>Essa atitude \u00e9 considerada uma infra\u00e7\u00e3o \u00e0 LGPD, podendo acarretar san\u00e7\u00f5es administrativas,&nbsp;processos judiciais,&nbsp;al\u00e9m de outras penalidades civis e criminais, a depender do caso.<\/p>\n\n\n\n<p>Por esses motivos,&nbsp;<strong>o titular dos&nbsp;dados pessoais \u00e9&nbsp;considerado&nbsp;o fiscal da&nbsp;LGPD&nbsp;<\/strong>e desde julho\/2024 a ANPD criou um canal que permite que ele realize den\u00fancias, reclama\u00e7\u00f5es e requerimentos para a Autoridade.&nbsp;Desde sua cria\u00e7\u00e3o houve um aumento de mais de 500% no volume de solicita\u00e7\u00f5es.<\/p>\n\n\n\n<p>Quer aux\u00edlio com alguma quest\u00e3o espec\u00edfica? Entre em\u00a0<a href=\"https:\/\/privacidadegarantida.com.br\/#contact\" target=\"_blank\" rel=\"noreferrer noopener\"><strong>contato com a Privacidade Garantida<\/strong><\/a>\u00a0para qualquer esclarecimento.<\/p>\n\n\n\n<p><\/p>\n","protected":false},"excerpt":{"rendered":"<p>Quem \u00e9 o fiscal da LGPD? Voc\u00ea sabia que os titulares dos&nbsp;dados t\u00eam direitos garantidos pela LGPD e,&nbsp;caso eles fa\u00e7am [&hellip;]<\/p>\n","protected":false},"author":6,"featured_media":2843,"comment_status":"closed","ping_status":"open","sticky":false,"template":"","format":"standard","meta":{"site-sidebar-layout":"default","site-content-layout":"","ast-site-content-layout":"default","site-content-style":"default","site-sidebar-style":"default","ast-global-header-display":"","ast-banner-title-visibility":"","ast-main-header-display":"","ast-hfb-above-header-display":"","ast-hfb-below-header-display":"","ast-hfb-mobile-header-display":"","site-post-title":"","ast-breadcrumbs-content":"","ast-featured-img":"","footer-sml-layout":"","ast-disable-related-posts":"","theme-transparent-header-meta":"","adv-header-id-meta":"","stick-header-meta":"","header-above-stick-meta":"","header-main-stick-meta":"","header-below-stick-meta":"","astra-migrate-meta-layouts":"default","ast-page-background-enabled":"default","ast-page-background-meta":{"desktop":{"background-color":"var(--ast-global-color-4)","background-image":"","background-repeat":"repeat","background-position":"center center","background-size":"auto","background-attachment":"scroll","background-type":"","background-media":"","overlay-type":"","overlay-color":"","overlay-opacity":"","overlay-gradient":""},"tablet":{"background-color":"","background-image":"","background-repeat":"repeat","background-position":"center center","background-size":"auto","background-attachment":"scroll","background-type":"","background-media":"","overlay-type":"","overlay-color":"","overlay-opacity":"","overlay-gradient":""},"mobile":{"background-color":"","background-image":"","background-repeat":"repeat","background-position":"center center","background-size":"auto","background-attachment":"scroll","background-type":"","background-media":"","overlay-type":"","overlay-color":"","overlay-opacity":"","overlay-gradient":""}},"ast-content-background-meta":{"desktop":{"background-color":"var(--ast-global-color-5)","background-image":"","background-repeat":"repeat","background-position":"center center","background-size":"auto","background-attachment":"scroll","background-type":"","background-media":"","overlay-type":"","overlay-color":"","overlay-opacity":"","overlay-gradient":""},"tablet":{"background-color":"var(--ast-global-color-5)","background-image":"","background-repeat":"repeat","background-position":"center center","background-size":"auto","background-attachment":"scroll","background-type":"","background-media":"","overlay-type":"","overlay-color":"","overlay-opacity":"","overlay-gradient":""},"mobile":{"background-color":"var(--ast-global-color-5)","background-image":"","background-repeat":"repeat","background-position":"center center","background-size":"auto","background-attachment":"scroll","background-type":"","background-media":"","overlay-type":"","overlay-color":"","overlay-opacity":"","overlay-gradient":""}},"footnotes":""},"categories":[1],"tags":[],"class_list":["post-1912","post","type-post","status-publish","format-standard","has-post-thumbnail","hentry","category-blog"],"yoast_head":"<!-- This site is optimized with the Yoast SEO plugin v27.5 - https:\/\/yoast.com\/product\/yoast-seo-wordpress\/ -->\n<title>Quem \u00e9 o &quot;fiscal da LGPD&quot;? - Privacidade Garantida<\/title>\n<meta name=\"description\" content=\"Quem \u00e9 o &quot;fiscal da LGPD&quot;? Os titulares dos\u00a0dados t\u00eam direitos garantidos pela LGPD e,\u00a0caso eles fa\u00e7am uma requisi\u00e7\u00e3o para sua empresa.\" \/>\n<meta name=\"robots\" content=\"index, follow, max-snippet:-1, max-image-preview:large, max-video-preview:-1\" \/>\n<link rel=\"canonical\" href=\"https:\/\/privacidadegarantida.com.br\/site\/quem-e-o-fiscal-da-lgpd\/\" \/>\n<meta property=\"og:locale\" content=\"pt_BR\" \/>\n<meta property=\"og:type\" content=\"article\" \/>\n<meta property=\"og:title\" content=\"Quem \u00e9 o &quot;fiscal da LGPD&quot;? - Privacidade Garantida\" \/>\n<meta property=\"og:description\" content=\"Quem \u00e9 o &quot;fiscal da LGPD&quot;? Os titulares dos\u00a0dados t\u00eam direitos garantidos pela LGPD e,\u00a0caso eles fa\u00e7am uma requisi\u00e7\u00e3o para sua empresa.\" \/>\n<meta property=\"og:url\" content=\"https:\/\/privacidadegarantida.com.br\/site\/quem-e-o-fiscal-da-lgpd\/\" \/>\n<meta property=\"og:site_name\" content=\"Privacidade Garantida\" \/>\n<meta property=\"article:published_time\" content=\"2024-04-11T19:40:08+00:00\" \/>\n<meta property=\"article:modified_time\" content=\"2025-09-24T14:52:26+00:00\" \/>\n<meta property=\"og:image\" content=\"https:\/\/privacidadegarantida.com.br\/site\/wp-content\/uploads\/2024\/04\/baixados-2.png\" \/>\n\t<meta property=\"og:image:width\" content=\"2000\" \/>\n\t<meta property=\"og:image:height\" content=\"1414\" \/>\n\t<meta property=\"og:image:type\" content=\"image\/png\" \/>\n<meta name=\"author\" content=\"Privacidade Garantida\" \/>\n<meta name=\"twitter:card\" content=\"summary_large_image\" \/>\n<meta name=\"twitter:label1\" content=\"Escrito por\" \/>\n\t<meta name=\"twitter:data1\" content=\"Privacidade Garantida\" \/>\n\t<meta name=\"twitter:label2\" content=\"Est. tempo de leitura\" \/>\n\t<meta name=\"twitter:data2\" content=\"3 minutos\" \/>\n<script type=\"application\/ld+json\" class=\"yoast-schema-graph\">{\"@context\":\"https:\\\/\\\/schema.org\",\"@graph\":[{\"@type\":\"Article\",\"@id\":\"https:\\\/\\\/privacidadegarantida.com.br\\\/site\\\/quem-e-o-fiscal-da-lgpd\\\/#article\",\"isPartOf\":{\"@id\":\"https:\\\/\\\/privacidadegarantida.com.br\\\/site\\\/quem-e-o-fiscal-da-lgpd\\\/\"},\"author\":{\"name\":\"Privacidade Garantida\",\"@id\":\"https:\\\/\\\/privacidadegarantida.com.br\\\/site\\\/#\\\/schema\\\/person\\\/d940df6b0cef262399c7cc9b6ac1b159\"},\"headline\":\"Quem \u00e9 o &#8220;fiscal da LGPD&#8221;?\",\"datePublished\":\"2024-04-11T19:40:08+00:00\",\"dateModified\":\"2025-09-24T14:52:26+00:00\",\"mainEntityOfPage\":{\"@id\":\"https:\\\/\\\/privacidadegarantida.com.br\\\/site\\\/quem-e-o-fiscal-da-lgpd\\\/\"},\"wordCount\":479,\"publisher\":{\"@id\":\"https:\\\/\\\/privacidadegarantida.com.br\\\/site\\\/#organization\"},\"image\":{\"@id\":\"https:\\\/\\\/privacidadegarantida.com.br\\\/site\\\/quem-e-o-fiscal-da-lgpd\\\/#primaryimage\"},\"thumbnailUrl\":\"https:\\\/\\\/privacidadegarantida.com.br\\\/site\\\/wp-content\\\/uploads\\\/2024\\\/04\\\/baixados-2.png\",\"articleSection\":[\"blog\"],\"inLanguage\":\"pt-BR\"},{\"@type\":\"WebPage\",\"@id\":\"https:\\\/\\\/privacidadegarantida.com.br\\\/site\\\/quem-e-o-fiscal-da-lgpd\\\/\",\"url\":\"https:\\\/\\\/privacidadegarantida.com.br\\\/site\\\/quem-e-o-fiscal-da-lgpd\\\/\",\"name\":\"Quem \u00e9 o \\\"fiscal da LGPD\\\"? - Privacidade Garantida\",\"isPartOf\":{\"@id\":\"https:\\\/\\\/privacidadegarantida.com.br\\\/site\\\/#website\"},\"primaryImageOfPage\":{\"@id\":\"https:\\\/\\\/privacidadegarantida.com.br\\\/site\\\/quem-e-o-fiscal-da-lgpd\\\/#primaryimage\"},\"image\":{\"@id\":\"https:\\\/\\\/privacidadegarantida.com.br\\\/site\\\/quem-e-o-fiscal-da-lgpd\\\/#primaryimage\"},\"thumbnailUrl\":\"https:\\\/\\\/privacidadegarantida.com.br\\\/site\\\/wp-content\\\/uploads\\\/2024\\\/04\\\/baixados-2.png\",\"datePublished\":\"2024-04-11T19:40:08+00:00\",\"dateModified\":\"2025-09-24T14:52:26+00:00\",\"description\":\"Quem \u00e9 o \\\"fiscal da LGPD\\\"? Os titulares dos\u00a0dados t\u00eam direitos garantidos pela LGPD e,\u00a0caso eles fa\u00e7am uma requisi\u00e7\u00e3o para sua empresa.\",\"breadcrumb\":{\"@id\":\"https:\\\/\\\/privacidadegarantida.com.br\\\/site\\\/quem-e-o-fiscal-da-lgpd\\\/#breadcrumb\"},\"inLanguage\":\"pt-BR\",\"potentialAction\":[{\"@type\":\"ReadAction\",\"target\":[\"https:\\\/\\\/privacidadegarantida.com.br\\\/site\\\/quem-e-o-fiscal-da-lgpd\\\/\"]}]},{\"@type\":\"ImageObject\",\"inLanguage\":\"pt-BR\",\"@id\":\"https:\\\/\\\/privacidadegarantida.com.br\\\/site\\\/quem-e-o-fiscal-da-lgpd\\\/#primaryimage\",\"url\":\"https:\\\/\\\/privacidadegarantida.com.br\\\/site\\\/wp-content\\\/uploads\\\/2024\\\/04\\\/baixados-2.png\",\"contentUrl\":\"https:\\\/\\\/privacidadegarantida.com.br\\\/site\\\/wp-content\\\/uploads\\\/2024\\\/04\\\/baixados-2.png\",\"width\":2000,\"height\":1414},{\"@type\":\"BreadcrumbList\",\"@id\":\"https:\\\/\\\/privacidadegarantida.com.br\\\/site\\\/quem-e-o-fiscal-da-lgpd\\\/#breadcrumb\",\"itemListElement\":[{\"@type\":\"ListItem\",\"position\":1,\"name\":\"Home\",\"item\":\"https:\\\/\\\/privacidadegarantida.com.br\\\/site\\\/\"},{\"@type\":\"ListItem\",\"position\":2,\"name\":\"Quem \u00e9 o &#8220;fiscal da LGPD&#8221;?\"}]},{\"@type\":\"WebSite\",\"@id\":\"https:\\\/\\\/privacidadegarantida.com.br\\\/site\\\/#website\",\"url\":\"https:\\\/\\\/privacidadegarantida.com.br\\\/site\\\/\",\"name\":\"Privacidade Garantida\",\"description\":\"Consultoria em Prote\u00e7\u00e3o de Dados e Seguran\u00e7a da Informa\u00e7\u00e3o.\",\"publisher\":{\"@id\":\"https:\\\/\\\/privacidadegarantida.com.br\\\/site\\\/#organization\"},\"potentialAction\":[{\"@type\":\"SearchAction\",\"target\":{\"@type\":\"EntryPoint\",\"urlTemplate\":\"https:\\\/\\\/privacidadegarantida.com.br\\\/site\\\/?s={search_term_string}\"},\"query-input\":{\"@type\":\"PropertyValueSpecification\",\"valueRequired\":true,\"valueName\":\"search_term_string\"}}],\"inLanguage\":\"pt-BR\"},{\"@type\":\"Organization\",\"@id\":\"https:\\\/\\\/privacidadegarantida.com.br\\\/site\\\/#organization\",\"name\":\"Privacidade Garantida\",\"url\":\"https:\\\/\\\/privacidadegarantida.com.br\\\/site\\\/\",\"logo\":{\"@type\":\"ImageObject\",\"inLanguage\":\"pt-BR\",\"@id\":\"https:\\\/\\\/privacidadegarantida.com.br\\\/site\\\/#\\\/schema\\\/logo\\\/image\\\/\",\"url\":\"https:\\\/\\\/privacidadegarantida.com.br\\\/site\\\/wp-content\\\/uploads\\\/2022\\\/06\\\/image140-pqgcbd8u4tox2inedsknflv8n3t5a63mlsb1wu1tww.png\",\"contentUrl\":\"https:\\\/\\\/privacidadegarantida.com.br\\\/site\\\/wp-content\\\/uploads\\\/2022\\\/06\\\/image140-pqgcbd8u4tox2inedsknflv8n3t5a63mlsb1wu1tww.png\",\"width\":450,\"height\":184,\"caption\":\"Privacidade Garantida\"},\"image\":{\"@id\":\"https:\\\/\\\/privacidadegarantida.com.br\\\/site\\\/#\\\/schema\\\/logo\\\/image\\\/\"}},{\"@type\":\"Person\",\"@id\":\"https:\\\/\\\/privacidadegarantida.com.br\\\/site\\\/#\\\/schema\\\/person\\\/d940df6b0cef262399c7cc9b6ac1b159\",\"name\":\"Privacidade Garantida\",\"image\":{\"@type\":\"ImageObject\",\"inLanguage\":\"pt-BR\",\"@id\":\"https:\\\/\\\/privacidadegarantida.com.br\\\/site\\\/wp-content\\\/litespeed\\\/avatar\\\/fbaf3575b6784df35437804ecb4b9089.jpg?ver=1777513290\",\"url\":\"https:\\\/\\\/privacidadegarantida.com.br\\\/site\\\/wp-content\\\/litespeed\\\/avatar\\\/fbaf3575b6784df35437804ecb4b9089.jpg?ver=1777513290\",\"contentUrl\":\"https:\\\/\\\/privacidadegarantida.com.br\\\/site\\\/wp-content\\\/litespeed\\\/avatar\\\/fbaf3575b6784df35437804ecb4b9089.jpg?ver=1777513290\",\"caption\":\"Privacidade Garantida\"},\"url\":\"https:\\\/\\\/privacidadegarantida.com.br\\\/site\\\/author\\\/privacidadegarantida\\\/\"}]}<\/script>\n<!-- \/ Yoast SEO plugin. -->","yoast_head_json":{"title":"Quem \u00e9 o \"fiscal da LGPD\"? - Privacidade Garantida","description":"Quem \u00e9 o \"fiscal da LGPD\"? Os titulares dos\u00a0dados t\u00eam direitos garantidos pela LGPD e,\u00a0caso eles fa\u00e7am uma requisi\u00e7\u00e3o para sua empresa.","robots":{"index":"index","follow":"follow","max-snippet":"max-snippet:-1","max-image-preview":"max-image-preview:large","max-video-preview":"max-video-preview:-1"},"canonical":"https:\/\/privacidadegarantida.com.br\/site\/quem-e-o-fiscal-da-lgpd\/","og_locale":"pt_BR","og_type":"article","og_title":"Quem \u00e9 o \"fiscal da LGPD\"? - Privacidade Garantida","og_description":"Quem \u00e9 o \"fiscal da LGPD\"? Os titulares dos\u00a0dados t\u00eam direitos garantidos pela LGPD e,\u00a0caso eles fa\u00e7am uma requisi\u00e7\u00e3o para sua empresa.","og_url":"https:\/\/privacidadegarantida.com.br\/site\/quem-e-o-fiscal-da-lgpd\/","og_site_name":"Privacidade Garantida","article_published_time":"2024-04-11T19:40:08+00:00","article_modified_time":"2025-09-24T14:52:26+00:00","og_image":[{"width":2000,"height":1414,"url":"https:\/\/privacidadegarantida.com.br\/site\/wp-content\/uploads\/2024\/04\/baixados-2.png","type":"image\/png"}],"author":"Privacidade Garantida","twitter_card":"summary_large_image","twitter_misc":{"Escrito por":"Privacidade Garantida","Est. tempo de leitura":"3 minutos"},"schema":{"@context":"https:\/\/schema.org","@graph":[{"@type":"Article","@id":"https:\/\/privacidadegarantida.com.br\/site\/quem-e-o-fiscal-da-lgpd\/#article","isPartOf":{"@id":"https:\/\/privacidadegarantida.com.br\/site\/quem-e-o-fiscal-da-lgpd\/"},"author":{"name":"Privacidade Garantida","@id":"https:\/\/privacidadegarantida.com.br\/site\/#\/schema\/person\/d940df6b0cef262399c7cc9b6ac1b159"},"headline":"Quem \u00e9 o &#8220;fiscal da LGPD&#8221;?","datePublished":"2024-04-11T19:40:08+00:00","dateModified":"2025-09-24T14:52:26+00:00","mainEntityOfPage":{"@id":"https:\/\/privacidadegarantida.com.br\/site\/quem-e-o-fiscal-da-lgpd\/"},"wordCount":479,"publisher":{"@id":"https:\/\/privacidadegarantida.com.br\/site\/#organization"},"image":{"@id":"https:\/\/privacidadegarantida.com.br\/site\/quem-e-o-fiscal-da-lgpd\/#primaryimage"},"thumbnailUrl":"https:\/\/privacidadegarantida.com.br\/site\/wp-content\/uploads\/2024\/04\/baixados-2.png","articleSection":["blog"],"inLanguage":"pt-BR"},{"@type":"WebPage","@id":"https:\/\/privacidadegarantida.com.br\/site\/quem-e-o-fiscal-da-lgpd\/","url":"https:\/\/privacidadegarantida.com.br\/site\/quem-e-o-fiscal-da-lgpd\/","name":"Quem \u00e9 o \"fiscal da LGPD\"? - Privacidade Garantida","isPartOf":{"@id":"https:\/\/privacidadegarantida.com.br\/site\/#website"},"primaryImageOfPage":{"@id":"https:\/\/privacidadegarantida.com.br\/site\/quem-e-o-fiscal-da-lgpd\/#primaryimage"},"image":{"@id":"https:\/\/privacidadegarantida.com.br\/site\/quem-e-o-fiscal-da-lgpd\/#primaryimage"},"thumbnailUrl":"https:\/\/privacidadegarantida.com.br\/site\/wp-content\/uploads\/2024\/04\/baixados-2.png","datePublished":"2024-04-11T19:40:08+00:00","dateModified":"2025-09-24T14:52:26+00:00","description":"Quem \u00e9 o \"fiscal da LGPD\"? Os titulares dos\u00a0dados t\u00eam direitos garantidos pela LGPD e,\u00a0caso eles fa\u00e7am uma requisi\u00e7\u00e3o para sua empresa.","breadcrumb":{"@id":"https:\/\/privacidadegarantida.com.br\/site\/quem-e-o-fiscal-da-lgpd\/#breadcrumb"},"inLanguage":"pt-BR","potentialAction":[{"@type":"ReadAction","target":["https:\/\/privacidadegarantida.com.br\/site\/quem-e-o-fiscal-da-lgpd\/"]}]},{"@type":"ImageObject","inLanguage":"pt-BR","@id":"https:\/\/privacidadegarantida.com.br\/site\/quem-e-o-fiscal-da-lgpd\/#primaryimage","url":"https:\/\/privacidadegarantida.com.br\/site\/wp-content\/uploads\/2024\/04\/baixados-2.png","contentUrl":"https:\/\/privacidadegarantida.com.br\/site\/wp-content\/uploads\/2024\/04\/baixados-2.png","width":2000,"height":1414},{"@type":"BreadcrumbList","@id":"https:\/\/privacidadegarantida.com.br\/site\/quem-e-o-fiscal-da-lgpd\/#breadcrumb","itemListElement":[{"@type":"ListItem","position":1,"name":"Home","item":"https:\/\/privacidadegarantida.com.br\/site\/"},{"@type":"ListItem","position":2,"name":"Quem \u00e9 o &#8220;fiscal da LGPD&#8221;?"}]},{"@type":"WebSite","@id":"https:\/\/privacidadegarantida.com.br\/site\/#website","url":"https:\/\/privacidadegarantida.com.br\/site\/","name":"Privacidade Garantida","description":"Consultoria em Prote\u00e7\u00e3o de Dados e Seguran\u00e7a da Informa\u00e7\u00e3o.","publisher":{"@id":"https:\/\/privacidadegarantida.com.br\/site\/#organization"},"potentialAction":[{"@type":"SearchAction","target":{"@type":"EntryPoint","urlTemplate":"https:\/\/privacidadegarantida.com.br\/site\/?s={search_term_string}"},"query-input":{"@type":"PropertyValueSpecification","valueRequired":true,"valueName":"search_term_string"}}],"inLanguage":"pt-BR"},{"@type":"Organization","@id":"https:\/\/privacidadegarantida.com.br\/site\/#organization","name":"Privacidade Garantida","url":"https:\/\/privacidadegarantida.com.br\/site\/","logo":{"@type":"ImageObject","inLanguage":"pt-BR","@id":"https:\/\/privacidadegarantida.com.br\/site\/#\/schema\/logo\/image\/","url":"https:\/\/privacidadegarantida.com.br\/site\/wp-content\/uploads\/2022\/06\/image140-pqgcbd8u4tox2inedsknflv8n3t5a63mlsb1wu1tww.png","contentUrl":"https:\/\/privacidadegarantida.com.br\/site\/wp-content\/uploads\/2022\/06\/image140-pqgcbd8u4tox2inedsknflv8n3t5a63mlsb1wu1tww.png","width":450,"height":184,"caption":"Privacidade Garantida"},"image":{"@id":"https:\/\/privacidadegarantida.com.br\/site\/#\/schema\/logo\/image\/"}},{"@type":"Person","@id":"https:\/\/privacidadegarantida.com.br\/site\/#\/schema\/person\/d940df6b0cef262399c7cc9b6ac1b159","name":"Privacidade Garantida","image":{"@type":"ImageObject","inLanguage":"pt-BR","@id":"https:\/\/privacidadegarantida.com.br\/site\/wp-content\/litespeed\/avatar\/fbaf3575b6784df35437804ecb4b9089.jpg?ver=1777513290","url":"https:\/\/privacidadegarantida.com.br\/site\/wp-content\/litespeed\/avatar\/fbaf3575b6784df35437804ecb4b9089.jpg?ver=1777513290","contentUrl":"https:\/\/privacidadegarantida.com.br\/site\/wp-content\/litespeed\/avatar\/fbaf3575b6784df35437804ecb4b9089.jpg?ver=1777513290","caption":"Privacidade Garantida"},"url":"https:\/\/privacidadegarantida.com.br\/site\/author\/privacidadegarantida\/"}]}},"_links":{"self":[{"href":"https:\/\/privacidadegarantida.com.br\/site\/wp-json\/wp\/v2\/posts\/1912","targetHints":{"allow":["GET"]}}],"collection":[{"href":"https:\/\/privacidadegarantida.com.br\/site\/wp-json\/wp\/v2\/posts"}],"about":[{"href":"https:\/\/privacidadegarantida.com.br\/site\/wp-json\/wp\/v2\/types\/post"}],"author":[{"embeddable":true,"href":"https:\/\/privacidadegarantida.com.br\/site\/wp-json\/wp\/v2\/users\/6"}],"replies":[{"embeddable":true,"href":"https:\/\/privacidadegarantida.com.br\/site\/wp-json\/wp\/v2\/comments?post=1912"}],"version-history":[{"count":3,"href":"https:\/\/privacidadegarantida.com.br\/site\/wp-json\/wp\/v2\/posts\/1912\/revisions"}],"predecessor-version":[{"id":2845,"href":"https:\/\/privacidadegarantida.com.br\/site\/wp-json\/wp\/v2\/posts\/1912\/revisions\/2845"}],"wp:featuredmedia":[{"embeddable":true,"href":"https:\/\/privacidadegarantida.com.br\/site\/wp-json\/wp\/v2\/media\/2843"}],"wp:attachment":[{"href":"https:\/\/privacidadegarantida.com.br\/site\/wp-json\/wp\/v2\/media?parent=1912"}],"wp:term":[{"taxonomy":"category","embeddable":true,"href":"https:\/\/privacidadegarantida.com.br\/site\/wp-json\/wp\/v2\/categories?post=1912"},{"taxonomy":"post_tag","embeddable":true,"href":"https:\/\/privacidadegarantida.com.br\/site\/wp-json\/wp\/v2\/tags?post=1912"}],"curies":[{"name":"wp","href":"https:\/\/api.w.org\/{rel}","templated":true}]}}