{"id":1911,"date":"2024-04-11T16:42:16","date_gmt":"2024-04-11T19:42:16","guid":{"rendered":"https:\/\/privacidadegarantida.com.br\/site\/?p=1911"},"modified":"2025-09-22T18:12:44","modified_gmt":"2025-09-22T21:12:44","slug":"posso-coletar-biometria-dos-meus-colaboradores","status":"publish","type":"post","link":"https:\/\/privacidadegarantida.com.br\/site\/posso-coletar-biometria-dos-meus-colaboradores\/","title":{"rendered":"Posso coletar biometria dos meus colaboradores?"},"content":{"rendered":"\n<hr class=\"wp-block-separator has-alpha-channel-opacity\"\/>\n\n\n\n<p>A sua organiza\u00e7\u00e3o pode coletar dados biom\u00e9tricos dos seus clientes?\u00a0Posso coletar biometria dos meus colaboradores?\u00a0E dos parceiros? Em caso afirmativo, quando e como?<\/p>\n\n\n\n<p>O tema \u201cdados pessoais biom\u00e9tricos e a LGPD\u201d tem sido alvo de aten\u00e7\u00e3o pela ANPD, por isso trazemos alguns pontos de aten\u00e7\u00e3o que podem fazer a diferen\u00e7a em como a sua organiza\u00e7\u00e3o trata dados biom\u00e9tricos.<\/p>\n\n\n\n<figure class=\"wp-block-image size-large\"><img fetchpriority=\"high\" decoding=\"async\" width=\"1024\" height=\"724\" src=\"https:\/\/privacidadegarantida.com.br\/site\/wp-content\/uploads\/2024\/04\/image001-1-1024x724.png\" alt=\"A sua organiza\u00e7\u00e3o pode coletar dados biom\u00e9tricos dos seus clientes?\u00a0Posso coletar biometria dos meus colaboradores?\u00a0E dos parceiros? Em caso afirmativo, quando e como?\" class=\"wp-image-2830\" srcset=\"https:\/\/privacidadegarantida.com.br\/site\/wp-content\/uploads\/2024\/04\/image001-1-1024x724.png 1024w, https:\/\/privacidadegarantida.com.br\/site\/wp-content\/uploads\/2024\/04\/image001-1-300x212.png 300w, https:\/\/privacidadegarantida.com.br\/site\/wp-content\/uploads\/2024\/04\/image001-1-768x543.png 768w, https:\/\/privacidadegarantida.com.br\/site\/wp-content\/uploads\/2024\/04\/image001-1-1536x1086.png 1536w, https:\/\/privacidadegarantida.com.br\/site\/wp-content\/uploads\/2024\/04\/image001-1.png 2000w\" sizes=\"(max-width: 1024px) 100vw, 1024px\" \/><\/figure>\n\n\n\n<p>Vamos l\u00e1&#8230;<\/p>\n\n\n\n<p>Primeiro, a ANPD vem ativamente fiscalizando agentes de tratamento a respeito do tema. Abaixo, alguns deles:<\/p>\n\n\n\n<p>&#8211; RaiaDrogasil: entre outros assuntos, a rede de farm\u00e1cias foi fiscalizada por se utilizar da&nbsp;<strong>biometria de clientes para verifica\u00e7\u00e3o de sua identidade<\/strong>&nbsp;em programa de fidelidade. O processo sancionador ainda est\u00e1 em andamento, mas a ANPD j\u00e1 determinou que seja disponibilizado meio alternativo de identifica\u00e7\u00e3o;<\/p>\n\n\n\n<p>&#8211; Tools for&nbsp;Humanity: o processo de fiscaliza\u00e7\u00e3o tamb\u00e9m se encontra em andamento e a ANPD determinou a&nbsp;<strong>suspens\u00e3o da coleta de dados biom\u00e9tricos (\u00edris, face e olhos)<\/strong>, que tinha o objetivo de desenvolver \u201csistema de verifica\u00e7\u00e3o de condi\u00e7\u00e3o de humana \u00fanica\u201d, porque identificou um alto risco em rela\u00e7\u00e3o \u00e0 prote\u00e7\u00e3o dos dados pessoais;<\/p>\n\n\n\n<p>&#8211; Clubes de futebol: um processo de fiscaliza\u00e7\u00e3o foi aberto pela ANPD para investigar 23 clubes de futebol que utilizam&nbsp;<strong>sistemas de reconhecimento facial<\/strong>&nbsp;para a venda de ingressos e entrada em est\u00e1dios, para verificar se existem irregularidades.<\/p>\n\n\n\n<p><strong>Voc\u00ea sabe por que&nbsp;a ANPD se preocupa tanto com esse assunto?<\/strong>&nbsp;<\/p>\n\n\n\n<p>Dados biom\u00e9tricos s\u00e3o considerados dados pessoais sens\u00edveis pela LGPD e demandam maior prote\u00e7\u00e3o porque representam um alto risco \u00e0 privacidade, intimidade e demais direitos dos titulares de dados.<\/p>\n\n\n\n<p><strong>O que s\u00e3o considerados dados biom\u00e9tricos?<\/strong>&nbsp;<\/p>\n\n\n\n<p>Caracter\u00edsticas f\u00edsicas, biol\u00f3gicas ou comportamentais de uma pessoa que permitem a sua identifica\u00e7\u00e3o \u00fanica, como por exemplo: reconhecimento facial, impress\u00e3o digital, \u00edris do olho, geometria da m\u00e3o, padr\u00e3o de voz e modo de digitar ou caminhar.<\/p>\n\n\n\n<p><strong>Isso significa que a sua empresa n\u00e3o pode tratar dados biom\u00e9tricos para identifica\u00e7\u00e3o de pessoas?  Posso coletar biometria dos meus colaboradores?<\/strong> \u00a0<\/p>\n\n\n\n<p>N\u00e3o, a sua empresa pode tratar dados pessoais biom\u00e9tricos, mas algumas medidas de preven\u00e7\u00e3o, seguran\u00e7a e prote\u00e7\u00e3o dos dados pessoais devem ser adotadas.<\/p>\n\n\n\n<p>O uso dos&nbsp;dados biom\u00e9tricos aumentou significativamente nos \u00faltimos anos,&nbsp;pois pode auxiliar na seguran\u00e7a e na preven\u00e7\u00e3o de fraudes, por\u00e9m, gera um alto risco \u00e0 prote\u00e7\u00e3o dos dados pessoais dos titulares e por isso, a ANPD tem se mostrado cada vez mais criteriosa em rela\u00e7\u00e3o a esse assunto.<\/p>\n\n\n\n<p>Se a sua empresa usa dados biom\u00e9tricos para identifica\u00e7\u00e3o de pessoas (controle de acesso, controle de jornada, entre outros)\u00a0ela deve estar em conformidade\u00a0com a <a href=\"https:\/\/privacidadegarantida.com.br\/site\/wp-content\/uploads\/2024\/09\/lei-geral-de-protecao-de-dados-pessoais.png\">LGPD<\/a>!<\/p>\n\n\n\n<p>E detalhe: na pr\u00f3xima sexta-feira (01\/08\/2025) se encerra a tomada de subs\u00eddios aberta pela ANPD sobre dados pessoais biom\u00e9tricos. Essa iniciativa acontece para coletar contribui\u00e7\u00f5es de toda a sociedade, que ser\u00e3o consideradas quando ela for regulamentar o assunto.<strong>&nbsp;Isso indica que, em breve, haver\u00e1 regulamenta\u00e7\u00e3o nesse sentido.<\/strong><\/p>\n\n\n\n<p>Ent\u00e3o, j\u00e1 sabe. Estamos aqui para auxili\u00e1-los antes que a ANPD \u201cbata na sua porta\u201d. Para retirar suas d\u00favidas sobre o tema, entre em\u00a0<a href=\"https:\/\/privacidadegarantida.com.br\/#contact\" target=\"_blank\" rel=\"noreferrer noopener\"><strong>contato com a Privacidade Garantida<\/strong><\/a>\u00a0para qualquer esclarecimento.<\/p>\n\n\n\n<p><\/p>\n","protected":false},"excerpt":{"rendered":"<p>A sua organiza\u00e7\u00e3o pode coletar dados biom\u00e9tricos dos seus clientes?\u00a0Posso coletar biometria dos meus colaboradores?\u00a0E dos parceiros? Em caso afirmativo, [&hellip;]<\/p>\n","protected":false},"author":5,"featured_media":2830,"comment_status":"closed","ping_status":"open","sticky":false,"template":"","format":"standard","meta":{"site-sidebar-layout":"default","site-content-layout":"","ast-site-content-layout":"default","site-content-style":"default","site-sidebar-style":"default","ast-global-header-display":"","ast-banner-title-visibility":"","ast-main-header-display":"","ast-hfb-above-header-display":"","ast-hfb-below-header-display":"","ast-hfb-mobile-header-display":"","site-post-title":"","ast-breadcrumbs-content":"","ast-featured-img":"","footer-sml-layout":"","ast-disable-related-posts":"","theme-transparent-header-meta":"","adv-header-id-meta":"","stick-header-meta":"","header-above-stick-meta":"","header-main-stick-meta":"","header-below-stick-meta":"","astra-migrate-meta-layouts":"default","ast-page-background-enabled":"default","ast-page-background-meta":{"desktop":{"background-color":"var(--ast-global-color-4)","background-image":"","background-repeat":"repeat","background-position":"center center","background-size":"auto","background-attachment":"scroll","background-type":"","background-media":"","overlay-type":"","overlay-color":"","overlay-opacity":"","overlay-gradient":""},"tablet":{"background-color":"","background-image":"","background-repeat":"repeat","background-position":"center center","background-size":"auto","background-attachment":"scroll","background-type":"","background-media":"","overlay-type":"","overlay-color":"","overlay-opacity":"","overlay-gradient":""},"mobile":{"background-color":"","background-image":"","background-repeat":"repeat","background-position":"center center","background-size":"auto","background-attachment":"scroll","background-type":"","background-media":"","overlay-type":"","overlay-color":"","overlay-opacity":"","overlay-gradient":""}},"ast-content-background-meta":{"desktop":{"background-color":"var(--ast-global-color-5)","background-image":"","background-repeat":"repeat","background-position":"center center","background-size":"auto","background-attachment":"scroll","background-type":"","background-media":"","overlay-type":"","overlay-color":"","overlay-opacity":"","overlay-gradient":""},"tablet":{"background-color":"var(--ast-global-color-5)","background-image":"","background-repeat":"repeat","background-position":"center center","background-size":"auto","background-attachment":"scroll","background-type":"","background-media":"","overlay-type":"","overlay-color":"","overlay-opacity":"","overlay-gradient":""},"mobile":{"background-color":"var(--ast-global-color-5)","background-image":"","background-repeat":"repeat","background-position":"center center","background-size":"auto","background-attachment":"scroll","background-type":"","background-media":"","overlay-type":"","overlay-color":"","overlay-opacity":"","overlay-gradient":""}},"footnotes":""},"categories":[1],"tags":[],"class_list":["post-1911","post","type-post","status-publish","format-standard","has-post-thumbnail","hentry","category-blog"],"yoast_head":"<!-- This site is optimized with the Yoast SEO plugin v27.5 - https:\/\/yoast.com\/product\/yoast-seo-wordpress\/ -->\n<title>Posso coletar biometria dos meus colaboradores? - Privacidade Garantida<\/title>\n<meta name=\"description\" content=\"A sua empresa pode coletar dados biom\u00e9tricos dos seus clientes?\u00a0Posso coletar biometria dos meus colaboradores?\u00a0Quando e como?\" \/>\n<meta name=\"robots\" content=\"index, follow, max-snippet:-1, max-image-preview:large, max-video-preview:-1\" \/>\n<link rel=\"canonical\" href=\"https:\/\/privacidadegarantida.com.br\/site\/posso-coletar-biometria-dos-meus-colaboradores\/\" \/>\n<meta property=\"og:locale\" content=\"pt_BR\" \/>\n<meta property=\"og:type\" content=\"article\" \/>\n<meta property=\"og:title\" content=\"Posso coletar biometria dos meus colaboradores? - Privacidade Garantida\" \/>\n<meta property=\"og:description\" content=\"A sua empresa pode coletar dados biom\u00e9tricos dos seus clientes?\u00a0Posso coletar biometria dos meus colaboradores?\u00a0Quando e como?\" \/>\n<meta property=\"og:url\" content=\"https:\/\/privacidadegarantida.com.br\/site\/posso-coletar-biometria-dos-meus-colaboradores\/\" \/>\n<meta property=\"og:site_name\" content=\"Privacidade Garantida\" \/>\n<meta property=\"article:published_time\" content=\"2024-04-11T19:42:16+00:00\" \/>\n<meta property=\"article:modified_time\" content=\"2025-09-22T21:12:44+00:00\" \/>\n<meta property=\"og:image\" content=\"https:\/\/privacidadegarantida.com.br\/site\/wp-content\/uploads\/2024\/04\/image001-1.png\" \/>\n\t<meta property=\"og:image:width\" content=\"2000\" \/>\n\t<meta property=\"og:image:height\" content=\"1414\" \/>\n\t<meta property=\"og:image:type\" content=\"image\/png\" \/>\n<meta name=\"author\" content=\"Ruth Armelin\" \/>\n<meta name=\"twitter:card\" content=\"summary_large_image\" \/>\n<meta name=\"twitter:label1\" content=\"Escrito por\" \/>\n\t<meta name=\"twitter:data1\" content=\"Ruth Armelin\" \/>\n\t<meta name=\"twitter:label2\" content=\"Est. tempo de leitura\" \/>\n\t<meta name=\"twitter:data2\" content=\"4 minutos\" \/>\n<script type=\"application\/ld+json\" class=\"yoast-schema-graph\">{\"@context\":\"https:\\\/\\\/schema.org\",\"@graph\":[{\"@type\":\"Article\",\"@id\":\"https:\\\/\\\/privacidadegarantida.com.br\\\/site\\\/posso-coletar-biometria-dos-meus-colaboradores\\\/#article\",\"isPartOf\":{\"@id\":\"https:\\\/\\\/privacidadegarantida.com.br\\\/site\\\/posso-coletar-biometria-dos-meus-colaboradores\\\/\"},\"author\":{\"name\":\"Ruth Armelin\",\"@id\":\"https:\\\/\\\/privacidadegarantida.com.br\\\/site\\\/#\\\/schema\\\/person\\\/2366b1ca6414f58b25221d12f1b48527\"},\"headline\":\"Posso coletar biometria dos meus colaboradores?\",\"datePublished\":\"2024-04-11T19:42:16+00:00\",\"dateModified\":\"2025-09-22T21:12:44+00:00\",\"mainEntityOfPage\":{\"@id\":\"https:\\\/\\\/privacidadegarantida.com.br\\\/site\\\/posso-coletar-biometria-dos-meus-colaboradores\\\/\"},\"wordCount\":569,\"publisher\":{\"@id\":\"https:\\\/\\\/privacidadegarantida.com.br\\\/site\\\/#organization\"},\"image\":{\"@id\":\"https:\\\/\\\/privacidadegarantida.com.br\\\/site\\\/posso-coletar-biometria-dos-meus-colaboradores\\\/#primaryimage\"},\"thumbnailUrl\":\"https:\\\/\\\/privacidadegarantida.com.br\\\/site\\\/wp-content\\\/uploads\\\/2024\\\/04\\\/image001-1.png\",\"articleSection\":[\"blog\"],\"inLanguage\":\"pt-BR\"},{\"@type\":\"WebPage\",\"@id\":\"https:\\\/\\\/privacidadegarantida.com.br\\\/site\\\/posso-coletar-biometria-dos-meus-colaboradores\\\/\",\"url\":\"https:\\\/\\\/privacidadegarantida.com.br\\\/site\\\/posso-coletar-biometria-dos-meus-colaboradores\\\/\",\"name\":\"Posso coletar biometria dos meus colaboradores? - Privacidade Garantida\",\"isPartOf\":{\"@id\":\"https:\\\/\\\/privacidadegarantida.com.br\\\/site\\\/#website\"},\"primaryImageOfPage\":{\"@id\":\"https:\\\/\\\/privacidadegarantida.com.br\\\/site\\\/posso-coletar-biometria-dos-meus-colaboradores\\\/#primaryimage\"},\"image\":{\"@id\":\"https:\\\/\\\/privacidadegarantida.com.br\\\/site\\\/posso-coletar-biometria-dos-meus-colaboradores\\\/#primaryimage\"},\"thumbnailUrl\":\"https:\\\/\\\/privacidadegarantida.com.br\\\/site\\\/wp-content\\\/uploads\\\/2024\\\/04\\\/image001-1.png\",\"datePublished\":\"2024-04-11T19:42:16+00:00\",\"dateModified\":\"2025-09-22T21:12:44+00:00\",\"description\":\"A sua empresa pode coletar dados biom\u00e9tricos dos seus clientes?\u00a0Posso coletar biometria dos meus colaboradores?\u00a0Quando e como?\",\"breadcrumb\":{\"@id\":\"https:\\\/\\\/privacidadegarantida.com.br\\\/site\\\/posso-coletar-biometria-dos-meus-colaboradores\\\/#breadcrumb\"},\"inLanguage\":\"pt-BR\",\"potentialAction\":[{\"@type\":\"ReadAction\",\"target\":[\"https:\\\/\\\/privacidadegarantida.com.br\\\/site\\\/posso-coletar-biometria-dos-meus-colaboradores\\\/\"]}]},{\"@type\":\"ImageObject\",\"inLanguage\":\"pt-BR\",\"@id\":\"https:\\\/\\\/privacidadegarantida.com.br\\\/site\\\/posso-coletar-biometria-dos-meus-colaboradores\\\/#primaryimage\",\"url\":\"https:\\\/\\\/privacidadegarantida.com.br\\\/site\\\/wp-content\\\/uploads\\\/2024\\\/04\\\/image001-1.png\",\"contentUrl\":\"https:\\\/\\\/privacidadegarantida.com.br\\\/site\\\/wp-content\\\/uploads\\\/2024\\\/04\\\/image001-1.png\",\"width\":2000,\"height\":1414},{\"@type\":\"BreadcrumbList\",\"@id\":\"https:\\\/\\\/privacidadegarantida.com.br\\\/site\\\/posso-coletar-biometria-dos-meus-colaboradores\\\/#breadcrumb\",\"itemListElement\":[{\"@type\":\"ListItem\",\"position\":1,\"name\":\"Home\",\"item\":\"https:\\\/\\\/privacidadegarantida.com.br\\\/site\\\/\"},{\"@type\":\"ListItem\",\"position\":2,\"name\":\"Posso coletar biometria dos meus colaboradores?\"}]},{\"@type\":\"WebSite\",\"@id\":\"https:\\\/\\\/privacidadegarantida.com.br\\\/site\\\/#website\",\"url\":\"https:\\\/\\\/privacidadegarantida.com.br\\\/site\\\/\",\"name\":\"Privacidade Garantida\",\"description\":\"Consultoria em Prote\u00e7\u00e3o de Dados e Seguran\u00e7a da Informa\u00e7\u00e3o.\",\"publisher\":{\"@id\":\"https:\\\/\\\/privacidadegarantida.com.br\\\/site\\\/#organization\"},\"potentialAction\":[{\"@type\":\"SearchAction\",\"target\":{\"@type\":\"EntryPoint\",\"urlTemplate\":\"https:\\\/\\\/privacidadegarantida.com.br\\\/site\\\/?s={search_term_string}\"},\"query-input\":{\"@type\":\"PropertyValueSpecification\",\"valueRequired\":true,\"valueName\":\"search_term_string\"}}],\"inLanguage\":\"pt-BR\"},{\"@type\":\"Organization\",\"@id\":\"https:\\\/\\\/privacidadegarantida.com.br\\\/site\\\/#organization\",\"name\":\"Privacidade Garantida\",\"url\":\"https:\\\/\\\/privacidadegarantida.com.br\\\/site\\\/\",\"logo\":{\"@type\":\"ImageObject\",\"inLanguage\":\"pt-BR\",\"@id\":\"https:\\\/\\\/privacidadegarantida.com.br\\\/site\\\/#\\\/schema\\\/logo\\\/image\\\/\",\"url\":\"https:\\\/\\\/privacidadegarantida.com.br\\\/site\\\/wp-content\\\/uploads\\\/2022\\\/06\\\/image140-pqgcbd8u4tox2inedsknflv8n3t5a63mlsb1wu1tww.png\",\"contentUrl\":\"https:\\\/\\\/privacidadegarantida.com.br\\\/site\\\/wp-content\\\/uploads\\\/2022\\\/06\\\/image140-pqgcbd8u4tox2inedsknflv8n3t5a63mlsb1wu1tww.png\",\"width\":450,\"height\":184,\"caption\":\"Privacidade Garantida\"},\"image\":{\"@id\":\"https:\\\/\\\/privacidadegarantida.com.br\\\/site\\\/#\\\/schema\\\/logo\\\/image\\\/\"}},{\"@type\":\"Person\",\"@id\":\"https:\\\/\\\/privacidadegarantida.com.br\\\/site\\\/#\\\/schema\\\/person\\\/2366b1ca6414f58b25221d12f1b48527\",\"name\":\"Ruth Armelin\",\"image\":{\"@type\":\"ImageObject\",\"inLanguage\":\"pt-BR\",\"@id\":\"https:\\\/\\\/privacidadegarantida.com.br\\\/site\\\/wp-content\\\/litespeed\\\/avatar\\\/bc6a5ee216bdb52b29342abf5a66f757.jpg?ver=1777341556\",\"url\":\"https:\\\/\\\/privacidadegarantida.com.br\\\/site\\\/wp-content\\\/litespeed\\\/avatar\\\/bc6a5ee216bdb52b29342abf5a66f757.jpg?ver=1777341556\",\"contentUrl\":\"https:\\\/\\\/privacidadegarantida.com.br\\\/site\\\/wp-content\\\/litespeed\\\/avatar\\\/bc6a5ee216bdb52b29342abf5a66f757.jpg?ver=1777341556\",\"caption\":\"Ruth Armelin\"},\"url\":\"https:\\\/\\\/privacidadegarantida.com.br\\\/site\\\/author\\\/ruth\\\/\"}]}<\/script>\n<!-- \/ Yoast SEO plugin. -->","yoast_head_json":{"title":"Posso coletar biometria dos meus colaboradores? - Privacidade Garantida","description":"A sua empresa pode coletar dados biom\u00e9tricos dos seus clientes?\u00a0Posso coletar biometria dos meus colaboradores?\u00a0Quando e como?","robots":{"index":"index","follow":"follow","max-snippet":"max-snippet:-1","max-image-preview":"max-image-preview:large","max-video-preview":"max-video-preview:-1"},"canonical":"https:\/\/privacidadegarantida.com.br\/site\/posso-coletar-biometria-dos-meus-colaboradores\/","og_locale":"pt_BR","og_type":"article","og_title":"Posso coletar biometria dos meus colaboradores? - Privacidade Garantida","og_description":"A sua empresa pode coletar dados biom\u00e9tricos dos seus clientes?\u00a0Posso coletar biometria dos meus colaboradores?\u00a0Quando e como?","og_url":"https:\/\/privacidadegarantida.com.br\/site\/posso-coletar-biometria-dos-meus-colaboradores\/","og_site_name":"Privacidade Garantida","article_published_time":"2024-04-11T19:42:16+00:00","article_modified_time":"2025-09-22T21:12:44+00:00","og_image":[{"width":2000,"height":1414,"url":"https:\/\/privacidadegarantida.com.br\/site\/wp-content\/uploads\/2024\/04\/image001-1.png","type":"image\/png"}],"author":"Ruth Armelin","twitter_card":"summary_large_image","twitter_misc":{"Escrito por":"Ruth Armelin","Est. tempo de leitura":"4 minutos"},"schema":{"@context":"https:\/\/schema.org","@graph":[{"@type":"Article","@id":"https:\/\/privacidadegarantida.com.br\/site\/posso-coletar-biometria-dos-meus-colaboradores\/#article","isPartOf":{"@id":"https:\/\/privacidadegarantida.com.br\/site\/posso-coletar-biometria-dos-meus-colaboradores\/"},"author":{"name":"Ruth Armelin","@id":"https:\/\/privacidadegarantida.com.br\/site\/#\/schema\/person\/2366b1ca6414f58b25221d12f1b48527"},"headline":"Posso coletar biometria dos meus colaboradores?","datePublished":"2024-04-11T19:42:16+00:00","dateModified":"2025-09-22T21:12:44+00:00","mainEntityOfPage":{"@id":"https:\/\/privacidadegarantida.com.br\/site\/posso-coletar-biometria-dos-meus-colaboradores\/"},"wordCount":569,"publisher":{"@id":"https:\/\/privacidadegarantida.com.br\/site\/#organization"},"image":{"@id":"https:\/\/privacidadegarantida.com.br\/site\/posso-coletar-biometria-dos-meus-colaboradores\/#primaryimage"},"thumbnailUrl":"https:\/\/privacidadegarantida.com.br\/site\/wp-content\/uploads\/2024\/04\/image001-1.png","articleSection":["blog"],"inLanguage":"pt-BR"},{"@type":"WebPage","@id":"https:\/\/privacidadegarantida.com.br\/site\/posso-coletar-biometria-dos-meus-colaboradores\/","url":"https:\/\/privacidadegarantida.com.br\/site\/posso-coletar-biometria-dos-meus-colaboradores\/","name":"Posso coletar biometria dos meus colaboradores? - Privacidade Garantida","isPartOf":{"@id":"https:\/\/privacidadegarantida.com.br\/site\/#website"},"primaryImageOfPage":{"@id":"https:\/\/privacidadegarantida.com.br\/site\/posso-coletar-biometria-dos-meus-colaboradores\/#primaryimage"},"image":{"@id":"https:\/\/privacidadegarantida.com.br\/site\/posso-coletar-biometria-dos-meus-colaboradores\/#primaryimage"},"thumbnailUrl":"https:\/\/privacidadegarantida.com.br\/site\/wp-content\/uploads\/2024\/04\/image001-1.png","datePublished":"2024-04-11T19:42:16+00:00","dateModified":"2025-09-22T21:12:44+00:00","description":"A sua empresa pode coletar dados biom\u00e9tricos dos seus clientes?\u00a0Posso coletar biometria dos meus colaboradores?\u00a0Quando e como?","breadcrumb":{"@id":"https:\/\/privacidadegarantida.com.br\/site\/posso-coletar-biometria-dos-meus-colaboradores\/#breadcrumb"},"inLanguage":"pt-BR","potentialAction":[{"@type":"ReadAction","target":["https:\/\/privacidadegarantida.com.br\/site\/posso-coletar-biometria-dos-meus-colaboradores\/"]}]},{"@type":"ImageObject","inLanguage":"pt-BR","@id":"https:\/\/privacidadegarantida.com.br\/site\/posso-coletar-biometria-dos-meus-colaboradores\/#primaryimage","url":"https:\/\/privacidadegarantida.com.br\/site\/wp-content\/uploads\/2024\/04\/image001-1.png","contentUrl":"https:\/\/privacidadegarantida.com.br\/site\/wp-content\/uploads\/2024\/04\/image001-1.png","width":2000,"height":1414},{"@type":"BreadcrumbList","@id":"https:\/\/privacidadegarantida.com.br\/site\/posso-coletar-biometria-dos-meus-colaboradores\/#breadcrumb","itemListElement":[{"@type":"ListItem","position":1,"name":"Home","item":"https:\/\/privacidadegarantida.com.br\/site\/"},{"@type":"ListItem","position":2,"name":"Posso coletar biometria dos meus colaboradores?"}]},{"@type":"WebSite","@id":"https:\/\/privacidadegarantida.com.br\/site\/#website","url":"https:\/\/privacidadegarantida.com.br\/site\/","name":"Privacidade Garantida","description":"Consultoria em Prote\u00e7\u00e3o de Dados e Seguran\u00e7a da Informa\u00e7\u00e3o.","publisher":{"@id":"https:\/\/privacidadegarantida.com.br\/site\/#organization"},"potentialAction":[{"@type":"SearchAction","target":{"@type":"EntryPoint","urlTemplate":"https:\/\/privacidadegarantida.com.br\/site\/?s={search_term_string}"},"query-input":{"@type":"PropertyValueSpecification","valueRequired":true,"valueName":"search_term_string"}}],"inLanguage":"pt-BR"},{"@type":"Organization","@id":"https:\/\/privacidadegarantida.com.br\/site\/#organization","name":"Privacidade Garantida","url":"https:\/\/privacidadegarantida.com.br\/site\/","logo":{"@type":"ImageObject","inLanguage":"pt-BR","@id":"https:\/\/privacidadegarantida.com.br\/site\/#\/schema\/logo\/image\/","url":"https:\/\/privacidadegarantida.com.br\/site\/wp-content\/uploads\/2022\/06\/image140-pqgcbd8u4tox2inedsknflv8n3t5a63mlsb1wu1tww.png","contentUrl":"https:\/\/privacidadegarantida.com.br\/site\/wp-content\/uploads\/2022\/06\/image140-pqgcbd8u4tox2inedsknflv8n3t5a63mlsb1wu1tww.png","width":450,"height":184,"caption":"Privacidade Garantida"},"image":{"@id":"https:\/\/privacidadegarantida.com.br\/site\/#\/schema\/logo\/image\/"}},{"@type":"Person","@id":"https:\/\/privacidadegarantida.com.br\/site\/#\/schema\/person\/2366b1ca6414f58b25221d12f1b48527","name":"Ruth Armelin","image":{"@type":"ImageObject","inLanguage":"pt-BR","@id":"https:\/\/privacidadegarantida.com.br\/site\/wp-content\/litespeed\/avatar\/bc6a5ee216bdb52b29342abf5a66f757.jpg?ver=1777341556","url":"https:\/\/privacidadegarantida.com.br\/site\/wp-content\/litespeed\/avatar\/bc6a5ee216bdb52b29342abf5a66f757.jpg?ver=1777341556","contentUrl":"https:\/\/privacidadegarantida.com.br\/site\/wp-content\/litespeed\/avatar\/bc6a5ee216bdb52b29342abf5a66f757.jpg?ver=1777341556","caption":"Ruth Armelin"},"url":"https:\/\/privacidadegarantida.com.br\/site\/author\/ruth\/"}]}},"_links":{"self":[{"href":"https:\/\/privacidadegarantida.com.br\/site\/wp-json\/wp\/v2\/posts\/1911","targetHints":{"allow":["GET"]}}],"collection":[{"href":"https:\/\/privacidadegarantida.com.br\/site\/wp-json\/wp\/v2\/posts"}],"about":[{"href":"https:\/\/privacidadegarantida.com.br\/site\/wp-json\/wp\/v2\/types\/post"}],"author":[{"embeddable":true,"href":"https:\/\/privacidadegarantida.com.br\/site\/wp-json\/wp\/v2\/users\/5"}],"replies":[{"embeddable":true,"href":"https:\/\/privacidadegarantida.com.br\/site\/wp-json\/wp\/v2\/comments?post=1911"}],"version-history":[{"count":2,"href":"https:\/\/privacidadegarantida.com.br\/site\/wp-json\/wp\/v2\/posts\/1911\/revisions"}],"predecessor-version":[{"id":2831,"href":"https:\/\/privacidadegarantida.com.br\/site\/wp-json\/wp\/v2\/posts\/1911\/revisions\/2831"}],"wp:featuredmedia":[{"embeddable":true,"href":"https:\/\/privacidadegarantida.com.br\/site\/wp-json\/wp\/v2\/media\/2830"}],"wp:attachment":[{"href":"https:\/\/privacidadegarantida.com.br\/site\/wp-json\/wp\/v2\/media?parent=1911"}],"wp:term":[{"taxonomy":"category","embeddable":true,"href":"https:\/\/privacidadegarantida.com.br\/site\/wp-json\/wp\/v2\/categories?post=1911"},{"taxonomy":"post_tag","embeddable":true,"href":"https:\/\/privacidadegarantida.com.br\/site\/wp-json\/wp\/v2\/tags?post=1911"}],"curies":[{"name":"wp","href":"https:\/\/api.w.org\/{rel}","templated":true}]}}